{"id":36,"date":"2019-02-18T22:59:52","date_gmt":"2019-02-18T22:59:52","guid":{"rendered":"http:\/\/cmuch.edu.mx\/blog\/?p=36"},"modified":"2019-03-04T18:50:30","modified_gmt":"2019-03-04T18:50:30","slug":"conoce-a-jorge","status":"publish","type":"post","link":"https:\/\/cmuch.edu.mx\/blog\/conoce-a-jorge\/","title":{"rendered":"Conoce a Jorge"},"content":{"rendered":"\n<h4 class=\"wp-block-heading\" id=\"mce_4\">Entrevista a  Jorge Ulises Rodr\u00edguez Jim\u00e9nez , paciente del ITR en <a href=\"http:\/\/www.cmuch.edu.mx\">CMUCH<\/a><\/h4>\n\n\n\n<figure class=\"wp-block-image\"><img decoding=\"async\" loading=\"lazy\" width=\"1024\" height=\"682\" src=\"https:\/\/cmuch.edu.mx\/blog\/wp-content\/uploads\/2019\/02\/foto_entrevista_jorge-1024x682.jpg\" alt=\"\" class=\"wp-image-40\" srcset=\"https:\/\/cmuch.edu.mx\/blog\/wp-content\/uploads\/2019\/02\/foto_entrevista_jorge-1024x682.jpg 1024w, https:\/\/cmuch.edu.mx\/blog\/wp-content\/uploads\/2019\/02\/foto_entrevista_jorge-300x200.jpg 300w, https:\/\/cmuch.edu.mx\/blog\/wp-content\/uploads\/2019\/02\/foto_entrevista_jorge-768x512.jpg 768w, https:\/\/cmuch.edu.mx\/blog\/wp-content\/uploads\/2019\/02\/foto_entrevista_jorge.jpg 1100w\" sizes=\"(max-width: 709px) 85vw, (max-width: 909px) 67vw, (max-width: 1362px) 62vw, 840px\" \/><\/figure>\n\n\n\n<p style=\"font-size:15px\" class=\"has-text-color has-dark-gray-color\"><strong>Por: Mtro. I\u00f1aki Cubillo Guill\u00e9n<\/strong><\/p>\n\n\n\n<p style=\"font-size:15px\" class=\"has-text-color has-dark-gray-color\">Tuve la fortuna de poder sentarme a platicar con Jorge, uno de nuestros pacientes en el Instituto Transdisciplinario en Rehabilitaci\u00f3n, quien ha tenido un proceso largo pero muy exitoso con nosotros, conocido por toda la comunidad CMUCH, nos comparte un poco de su experiencia junto a dos de sus terapeutas, Marinaly y To\u00f1o. <\/p>\n\n\n\n<!--more-->\n\n\n\n<p style=\"color:#064c6a\" class=\"has-text-color\"><strong>Gracias\npor tu tiempo \u00abYorch\u00bb, es un placer estar contigo. \u00bfpodr\u00edas\npresentarte brevemente? <\/strong><\/p>\n\n\n\n<p>Buenos d\u00edas, claro que s\u00ed, mi nombre es Jorge Ulises Romero Jim\u00e9nez,\ntengo 43 a\u00f1os y acabo de cumplir 3 a\u00f1os en el proceso de rehabilitaci\u00f3n aqu\u00ed en\nCMUCH. <\/p>\n\n\n\n<p style=\"color:#064c6a\" class=\"has-text-color\"><strong>\u00bfQu\u00e9 fue\nlo que te sucedi\u00f3 Jorge y c\u00f3mo llegaste a CMUCH? <\/strong><\/p>\n\n\n\n<p>A mi me operaron del intestino, tengo colostom\u00eda hasta la fecha. En la\n\u00faltima operaci\u00f3n no qued\u00e9 bien y sufr\u00ed un paro respiratorio que me afect\u00f3 el\nlado izquierdo del cerebro, provocando que perdiera la sensaci\u00f3n del\nequilibrio, no supiera diferenciar entre mi derecha y mi izquierda y tuviera\ndificultad para desplazarme. <\/p>\n\n\n\n<p>Lleg\u00f3 a CMUCH en silla de ruedas donde comenc\u00e9 con la Terapia Ocupacional, al principio yo dec\u00eda que ya pod\u00eda hacer esas cosas y me molestaba, pero la realidad es que me costaba mucho y ten\u00eda que empezar con actividades simples que, aunque yo pensaba que pod\u00eda hacer, me costaban mucho trabajo. Escribir mi nombre, dibujar, recortar y todas esas cosas. <\/p>\n\n\n\n<p>Despu\u00e9s segu\u00ed con el tema de las barras, donde me ten\u00eda que agarrar para\nno caer pues no ten\u00eda fuerza. En casa, mi pap\u00e1 era quien me ba\u00f1aba y me ayudaba\na cambiarme, me daban de comer en la boca como un ni\u00f1o chiquito. Pero gracias a\nCMUCH desde que llegu\u00e9 he visto much\u00edsimo progreso. Yo le he echado muchas\nganas, pero gracias a todos los terapeutas que me han apoyado, he progresado\nbastante por el hecho de que me exigen cada vez m\u00e1s. <\/p>\n\n\n\n<p style=\"color:#064c6a\" class=\"has-text-color\"><strong>\u00bfC\u00f3mo\nllega Jorge a CMUCH? <\/strong><strong><em>(Hablando Lic. Marinaly Gil Palacios, Responsable del\nITR y egresada CMUCH) <\/em><\/strong><\/p>\n\n\n\n<p>Pues Jorge como \u00e9l lo comenta, llega en silla de ruedas con una actitud\nun tanto fuerte en la que se negaba a realizar actividades que parec\u00edan de un\nni\u00f1o peque\u00f1o, \u00e9l dec\u00eda que ya las pod\u00eda realizar, pero cuando lo intentaba se\ndaba cuenta que a\u00fan le costaba mucho trabajo. Con el tiempo hemos ido\nprogresando en ese tema y ahora su actitud ha cambiado para bien y siempre est\u00e1\nbuscando mejorar poco a poco por s\u00ed solo. <\/p>\n\n\n\n<p>Recuerdo tambi\u00e9n que hab\u00eda ejercicios en los que literalmente ten\u00edamos\nque sujetarlo nosotros para que los pudiera realizar, y el ver como\nprogresivamente hemos dejado de sujetarlo y \u00e9l ha comenzado a realizar sus\nejercicios por s\u00ed solo, es algo sumamente gratificante y que nos llena de mucha\nsatisfacci\u00f3n y orgullo. <\/p>\n\n\n\n<p style=\"color:#064c6a\" class=\"has-text-color\"><strong>\u00bfC\u00f3mo ha\nsido su progreso? <\/strong><strong><em>(Hablando Antonio S\u00e1nchez, Terapeuta de Jorge, alumno\nCMUCH) <\/em><\/strong><\/p>\n\n\n\n<p>Cuando\nyo lo tomo en febrero con el inicio de mi Servicio Social aqu\u00ed en CMUCH, \u00ab<em>Yorch<\/em>\u00bb\nten\u00eda muchas ganas, pero le faltaba ver las cosas de una manera diferente.\nRecuerdo que en la cancha de usos m\u00faltiples ten\u00eda miedo de muchas cosas como\npor ejemplo levantarse s\u00f3lo o ir de compras s\u00f3lo, sin que alguien lo llevara de\nla mano. Conforme a la terapia que le hemos implementado, \u00e9l ha progresado en\nel aspecto de seguridad, de confianza. Yo le toco mucho el tema de que en alg\u00fan\nmomento \u00e9l va a estar s\u00f3lo, no va a tener qui\u00e9n lo levante o qui\u00e9n lo tome del\nhombro y eso genera que el busque superarse. Con circuitos de coordinaci\u00f3n o de\nequilibrio simulamos aspectos de la vida diaria en las que se encuentra un\ncamino de terracer\u00eda, alguna piedra que le complique el acceso o momentos en\nlos que \u00e9l llegue a caerse; situaciones quiz\u00e1s un tanto fuertes, pero que \u00e9l ha\nasimilado de buena manera y que han fortalecido en su aspecto de confianza.<\/p>\n\n\n\n<p>Ahora\npuede levantarse s\u00f3lo, algo muy importante pues lo hace m\u00e1s independiente y es\nun gran avance, la coordinaci\u00f3n en sus cuatro extremidades ahora est\u00e1n muy bien\ny cada vez mejor, as\u00ed que yo he visto mucho avance sobretodo en temas de\nconfianza. <\/p>\n\n\n\n<p style=\"color:#064c6a\" class=\"has-text-color\"><strong>Explicaci\u00f3n\nde Lumosity <\/strong><\/p>\n\n\n\n<p style=\"color:#064c6a\" class=\"has-text-color\"><strong><em>(Hablando Lic. Marinaly Gil Palacios, Responsable del\nITR y egresada CMUCH) <\/em><\/strong><\/p>\n\n\n\n<p>Notaba que Jorge utilizaba mucho el celular, y sus padres me comentaban\nque se la pasaba bastante tiempo en \u00e9l. Por lo que busqu\u00e9 una aplicaci\u00f3n que me\npermitiera trabajar con Jorge desde su tel\u00e9fono, tanto en consulta como el\nestando en casa. Dentro de la Maestr\u00eda en Neurorehabilitaci\u00f3n aqu\u00ed en CMUCH,\nnos ense\u00f1aron a manejar la aplicaci\u00f3n Lumosity, que permite trabajar cognici\u00f3n\ny atenci\u00f3n con los pacientes a trav\u00e9s de rompecabezas, memoramas y m\u00e1s\nactividades entretenidas y funcionales. <\/p>\n\n\n\n<p>Jorge tuvo lesiones en las funciones superiores, cuando sumaba lo hac\u00eda\nal rev\u00e9s y se confund\u00eda. Con esta aplicaci\u00f3n, encontramos actividades que \u00e9l\npod\u00eda realizar de manera diaria en su casa y yo pod\u00eda checar desde mi tel\u00e9fono\nsi efectivamente el estaba trabajando en sus tareas, por lo que fue una\nherramienta muy exitosa para su proceso de rehabilitaci\u00f3n. <\/p>\n\n\n\n<p style=\"color:#064c6a\" class=\"has-text-color\"><strong>\u00bfJorge,\ncu\u00e1les son tus metas? <\/strong><\/p>\n\n\n\n<p>Mi principal meta es simplemente volverme independiente, yo tengo casa\npropia y veh\u00edculo propio que por el momento no puedo utilizar, pero yo tengo\ncomo objetivo recuperar si no el 100%, si un 90% de mis funciones para que\npueda regresar a mi vida pasada, pueda volver a trabajar y pueda volver a\ndisfrutar la vida como siempre lo he hecho. <\/p>\n\n\n\n<p style=\"color:#064c6a\" class=\"has-text-color\"><strong>\u00bfPor qu\u00e9\nrecomendar\u00edas a CMUCH? <\/strong><\/p>\n\n\n\n<p>Pues yo recomendar\u00eda a toda la gente que es una gran escuela, con muy\nbuenos terapeutas que ayudan a personas como yo, igual y personas que est\u00e1n en\nuna peor situaci\u00f3n que yo. <\/p>\n\n\n\n<p>Aqu\u00ed los van a ayudar bastante, adelante. Un ejemplo pues soy yo, que\nllegu\u00e9 en silla de ruedas, pero la gente se sorprende que ya trote, que suba\nescaleras y todo eso. Yo les recomendar\u00eda mucho CMUCH por el buen ambiente que\nhay con los terapeutas, un ambiente muy c\u00e1lido, pero sobretodo el hecho de que\nte motiven para que t\u00fa seas quien haga las cosas por si s\u00f3lo. <\/p>\n\n\n\n<p style=\"color:#064c6a\" class=\"has-text-color\"><strong>Mensaje\npara CMUCH <\/strong><\/p>\n\n\n\n<p>Pues simplemente estar agradecido con la instituci\u00f3n por permitirme\nseguir aqu\u00ed, que mientras me permitan estar con ellos, aqu\u00ed voy a estar. Por\neso ni he buscado otro lugar a donde ir, porque aqu\u00ed encuentro lo que necesito y\nsimplemente tengo palabras de agradecimiento. Si se propone uno algo que de\nverdad quiere, lo va a lograr conseguir.<\/p>\n\n\n\n<blockquote class=\"wp-block-quote\"><p>\u00abMuchas gracias Jorge  y recuerda que CMUCH  siempre ser\u00e1 tu casa\u00bb.<\/p><\/blockquote>\n","protected":false},"excerpt":{"rendered":"<p>Entrevista a Jorge Ulises Rodr\u00edguez Jim\u00e9nez , paciente del ITR en CMUCH Por: Mtro. I\u00f1aki Cubillo Guill\u00e9n Tuve la fortuna de poder sentarme a platicar con Jorge, uno de nuestros pacientes en el Instituto Transdisciplinario en Rehabilitaci\u00f3n, quien ha tenido un proceso largo pero muy exitoso con nosotros, conocido por toda la comunidad CMUCH, nos &hellip; <a href=\"https:\/\/cmuch.edu.mx\/blog\/conoce-a-jorge\/\" class=\"more-link\">Continuar leyendo<span class=\"screen-reader-text\"> \u00abConoce a Jorge\u00bb<\/span><\/a><\/p>\n","protected":false},"author":2,"featured_media":0,"comment_status":"open","ping_status":"open","sticky":false,"template":"","format":"aside","meta":[],"categories":[2],"tags":[4,6,13,8,3,12,5,7,14,16],"_links":{"self":[{"href":"https:\/\/cmuch.edu.mx\/blog\/wp-json\/wp\/v2\/posts\/36"}],"collection":[{"href":"https:\/\/cmuch.edu.mx\/blog\/wp-json\/wp\/v2\/posts"}],"about":[{"href":"https:\/\/cmuch.edu.mx\/blog\/wp-json\/wp\/v2\/types\/post"}],"author":[{"embeddable":true,"href":"https:\/\/cmuch.edu.mx\/blog\/wp-json\/wp\/v2\/users\/2"}],"replies":[{"embeddable":true,"href":"https:\/\/cmuch.edu.mx\/blog\/wp-json\/wp\/v2\/comments?post=36"}],"version-history":[{"count":7,"href":"https:\/\/cmuch.edu.mx\/blog\/wp-json\/wp\/v2\/posts\/36\/revisions"}],"predecessor-version":[{"id":65,"href":"https:\/\/cmuch.edu.mx\/blog\/wp-json\/wp\/v2\/posts\/36\/revisions\/65"}],"wp:attachment":[{"href":"https:\/\/cmuch.edu.mx\/blog\/wp-json\/wp\/v2\/media?parent=36"}],"wp:term":[{"taxonomy":"category","embeddable":true,"href":"https:\/\/cmuch.edu.mx\/blog\/wp-json\/wp\/v2\/categories?post=36"},{"taxonomy":"post_tag","embeddable":true,"href":"https:\/\/cmuch.edu.mx\/blog\/wp-json\/wp\/v2\/tags?post=36"}],"curies":[{"name":"wp","href":"https:\/\/api.w.org\/{rel}","templated":true}]}}